{"id":123,"date":"2021-02-15T08:00:00","date_gmt":"2021-02-15T07:00:00","guid":{"rendered":"http:\/\/filariane.com\/?p=123"},"modified":"2021-02-02T12:23:48","modified_gmt":"2021-02-02T11:23:48","slug":"une-reflexion-qui-de-loeuf-ou-de-la-poule","status":"publish","type":"post","link":"https:\/\/filariane.com\/?p=123","title":{"rendered":"Qui de l\u2019\u0153uf ou de la poule\u00a0?"},"content":{"rendered":"\n<p>Bien s\u00fbr, l\u2019individu est au centre de son apprentissage\u2026<\/p>\n\n\n\n<p>Bien s\u00fbr, le groupe est essentiel au d\u00e9veloppement de l\u2019individu\u2026<\/p>\n\n\n\n<p>Alors \u00e0 quoi le p\u00e9dagogue doit il s\u2019atteler en premier&nbsp;?<\/p>\n\n\n\n<p>La structuration d\u2019un groupe ou bien la prise en compte de l\u2019unicit\u00e9 de l\u2019individu&nbsp;?<\/p>\n\n\n\n<p>Ces consid\u00e9rations sont pertinentes et pi\u00e8ge peut \u00eatre le p\u00e9dagogue \u00e0 la place active et dirigiste du ma\u00eetre, du professeur, de celui qui sait\u2026<\/p>\n\n\n\n<p>Une situation qui, dans le meilleur des cas, invite l\u2019enseignant \u00e0 construire son cours en amont de l\u2019action \u00e9ducative mais l\u2019\u00e9loigne peut \u00eatre de l\u2019\u00e9coute disponible et curieuse n\u00e9cessaire \u00e0 l\u2019acte p\u00e9dagogique.<\/p>\n\n\n\n<p>En compl\u00e9ment de la pr\u00e9paration in\u00e9vitable et le la conscience professionnelle obligatoire, gageons ici qu\u2019une p\u00e9dagogie bas\u00e9e sur l\u2019unicit\u00e9 de l\u2019apprenant puisse cohabiter avec une p\u00e9dagogie horizontale dans laquelle le p\u00e9dagogue est garant de la fa\u00e7on et des contenus que les apprenants \u00e9changent entre eux.<\/p>\n\n\n\n<p>Le p\u00e9dagogue est alors le lien entre les apprenants et le savoir. Il n\u2019en est plus seulement le d\u00e9tenteur.<\/p>\n\n\n\n<p>Le p\u00e9dagogue peut alors permettre au savoir de s\u2019\u00e9chapper de son carcan et de se transformer au contact du v\u00e9cu, de la personnalit\u00e9 de chacun et d\u2019\u00eatre au service de tous.<\/p>\n\n\n\n<p>Pour r\u00e9f\u00e9rence&nbsp;: LCL&nbsp;: Learner Centered Learning<\/p>\n","protected":false},"excerpt":{"rendered":"<p>Bien s\u00fbr, l\u2019individu est au centre de son apprentissage\u2026 Bien s\u00fbr, le groupe est essentiel au d\u00e9veloppement de l\u2019individu\u2026 Alors \u00e0 quoi le p\u00e9dagogue doit il s\u2019atteler en premier&nbsp;? La structuration d\u2019un groupe ou bien la prise en compte de l\u2019unicit\u00e9 de l\u2019individu&nbsp;? Ces consid\u00e9rations sont pertinentes et pi\u00e8ge peut \u00eatre le p\u00e9dagogue \u00e0 la &hellip; <\/p>\n<p class=\"link-more\"><a href=\"https:\/\/filariane.com\/?p=123\" class=\"more-link\">Continuer la lecture<span class=\"screen-reader-text\"> de &laquo;&nbsp;Qui de l\u2019\u0153uf ou de la poule\u00a0?&nbsp;&raquo;<\/span><\/a><\/p>\n","protected":false},"author":2,"featured_media":0,"comment_status":"closed","ping_status":"open","sticky":false,"template":"","format":"standard","meta":{"footnotes":""},"categories":[7],"tags":[],"class_list":["post-123","post","type-post","status-publish","format-standard","hentry","category-reflexion"],"yoast_head":"<!-- This site is optimized with the Yoast SEO plugin v26.8 - https:\/\/yoast.com\/product\/yoast-seo-wordpress\/ -->\n<title>Le Fil d&#039;Ariane - Qui de l\u2019\u0153uf ou de la poule\u00a0?<\/title>\n<meta name=\"description\" content=\"Le Fil d&#039;Ariane est une \u00e9cole de cirque des bouches du Rh\u00f4ne et du pays d&#039;Aix en Provence. Le Fil d&#039;Ariane est adh\u00e9rente \u00e0 la F\u00e9d\u00e9ration Fran\u00e7aise des \u00c9coles de Cirque. Nous proposons des cours hebdomadaires, des interventions, des team building\" \/>\n<meta name=\"robots\" content=\"index, follow, max-snippet:-1, max-image-preview:large, max-video-preview:-1\" \/>\n<link rel=\"canonical\" href=\"https:\/\/filariane.com\/?p=123\" \/>\n<meta property=\"og:locale\" content=\"fr_FR\" \/>\n<meta property=\"og:type\" content=\"article\" \/>\n<meta property=\"og:title\" content=\"Le Fil d&#039;Ariane - Qui de l\u2019\u0153uf ou de la poule\u00a0?\" \/>\n<meta property=\"og:description\" content=\"Le Fil d&#039;Ariane est une \u00e9cole de cirque des bouches du Rh\u00f4ne et du pays d&#039;Aix en Provence. Le Fil d&#039;Ariane est adh\u00e9rente \u00e0 la F\u00e9d\u00e9ration Fran\u00e7aise des \u00c9coles de Cirque. Nous proposons des cours hebdomadaires, des interventions, des team building\" \/>\n<meta property=\"og:url\" content=\"https:\/\/filariane.com\/?p=123\" \/>\n<meta property=\"og:site_name\" content=\"Le Fil d&#039;Ariane\" \/>\n<meta property=\"article:publisher\" content=\"https:\/\/www.facebook.com\/lefildarianecirque\" \/>\n<meta property=\"article:author\" content=\"https:\/\/www.facebook.com\/lefildarianecirque\" \/>\n<meta property=\"article:published_time\" content=\"2021-02-15T07:00:00+00:00\" \/>\n<meta name=\"author\" content=\"fil ariane\" \/>\n<meta name=\"twitter:card\" content=\"summary_large_image\" \/>\n<meta name=\"twitter:label1\" content=\"\u00c9crit par\" \/>\n\t<meta name=\"twitter:data1\" content=\"fil ariane\" \/>\n\t<meta name=\"twitter:label2\" content=\"Dur\u00e9e de lecture estim\u00e9e\" \/>\n\t<meta name=\"twitter:data2\" content=\"1 minute\" \/>\n<script type=\"application\/ld+json\" class=\"yoast-schema-graph\">{\"@context\":\"https:\/\/schema.org\",\"@graph\":[{\"@type\":\"Article\",\"@id\":\"https:\/\/filariane.com\/?p=123#article\",\"isPartOf\":{\"@id\":\"https:\/\/filariane.com\/?p=123\"},\"author\":{\"name\":\"fil ariane\",\"@id\":\"https:\/\/filariane.com\/#\/schema\/person\/60246d9ae53096ea81151b031942c14a\"},\"headline\":\"Qui de l\u2019\u0153uf ou de la poule\u00a0?\",\"datePublished\":\"2021-02-15T07:00:00+00:00\",\"mainEntityOfPage\":{\"@id\":\"https:\/\/filariane.com\/?p=123\"},\"wordCount\":249,\"publisher\":{\"@id\":\"https:\/\/filariane.com\/#organization\"},\"articleSection\":[\"reflexion\"],\"inLanguage\":\"fr-FR\"},{\"@type\":\"WebPage\",\"@id\":\"https:\/\/filariane.com\/?p=123\",\"url\":\"https:\/\/filariane.com\/?p=123\",\"name\":\"Le Fil d&#039;Ariane - Qui de l\u2019\u0153uf ou de la poule\u00a0?\",\"isPartOf\":{\"@id\":\"https:\/\/filariane.com\/#website\"},\"datePublished\":\"2021-02-15T07:00:00+00:00\",\"description\":\"Le Fil d'Ariane est une \u00e9cole de cirque des bouches du Rh\u00f4ne et du pays d'Aix en Provence. Le Fil d'Ariane est adh\u00e9rente \u00e0 la F\u00e9d\u00e9ration Fran\u00e7aise des \u00c9coles de Cirque. Nous proposons des cours hebdomadaires, des interventions, des team building\",\"breadcrumb\":{\"@id\":\"https:\/\/filariane.com\/?p=123#breadcrumb\"},\"inLanguage\":\"fr-FR\",\"potentialAction\":[{\"@type\":\"ReadAction\",\"target\":[\"https:\/\/filariane.com\/?p=123\"]}]},{\"@type\":\"BreadcrumbList\",\"@id\":\"https:\/\/filariane.com\/?p=123#breadcrumb\",\"itemListElement\":[{\"@type\":\"ListItem\",\"position\":1,\"name\":\"Accueil\",\"item\":\"https:\/\/filariane.com\/\"},{\"@type\":\"ListItem\",\"position\":2,\"name\":\"Qui de l\u2019\u0153uf ou de la poule\u00a0?\"}]},{\"@type\":\"WebSite\",\"@id\":\"https:\/\/filariane.com\/#website\",\"url\":\"https:\/\/filariane.com\/\",\"name\":\"Le Fil d&#039;Ariane\",\"description\":\"les Arts du cirque pour grandir ensemble\",\"publisher\":{\"@id\":\"https:\/\/filariane.com\/#organization\"},\"potentialAction\":[{\"@type\":\"SearchAction\",\"target\":{\"@type\":\"EntryPoint\",\"urlTemplate\":\"https:\/\/filariane.com\/?s={search_term_string}\"},\"query-input\":{\"@type\":\"PropertyValueSpecification\",\"valueRequired\":true,\"valueName\":\"search_term_string\"}}],\"inLanguage\":\"fr-FR\"},{\"@type\":\"Organization\",\"@id\":\"https:\/\/filariane.com\/#organization\",\"name\":\"Le Fil d'Ariane\",\"url\":\"https:\/\/filariane.com\/\",\"logo\":{\"@type\":\"ImageObject\",\"inLanguage\":\"fr-FR\",\"@id\":\"https:\/\/filariane.com\/#\/schema\/logo\/image\/\",\"url\":\"https:\/\/filariane.com\/wp-content\/uploads\/2020\/04\/Fichier-1@2x.png\",\"contentUrl\":\"https:\/\/filariane.com\/wp-content\/uploads\/2020\/04\/Fichier-1@2x.png\",\"width\":1103,\"height\":569,\"caption\":\"Le Fil d'Ariane\"},\"image\":{\"@id\":\"https:\/\/filariane.com\/#\/schema\/logo\/image\/\"},\"sameAs\":[\"https:\/\/www.facebook.com\/lefildarianecirque\",\"https:\/\/www.instagram.com\/filariane_cirque\/\"]},{\"@type\":\"Person\",\"@id\":\"https:\/\/filariane.com\/#\/schema\/person\/60246d9ae53096ea81151b031942c14a\",\"name\":\"fil ariane\",\"image\":{\"@type\":\"ImageObject\",\"inLanguage\":\"fr-FR\",\"@id\":\"https:\/\/filariane.com\/#\/schema\/person\/image\/\",\"url\":\"https:\/\/secure.gravatar.com\/avatar\/475950d47901ecf81ed2c940d83d495205cce649e36db4af757ef91e901d0106?s=96&d=mm&r=g\",\"contentUrl\":\"https:\/\/secure.gravatar.com\/avatar\/475950d47901ecf81ed2c940d83d495205cce649e36db4af757ef91e901d0106?s=96&d=mm&r=g\",\"caption\":\"fil ariane\"},\"description\":\"\u00e9cole de cirque en r\u00e9gion Provence Alpes Cote d'Azur. Nous utilisons les Arts du Cirque comme outils de d\u00e9veloppement \u00e9ducatif, social et culturel. Nous d\u00e9veloppons depuis 2013 le projet \\\"Un cirque pour tous\\\". projet phare de notre structure \u0153uvrant \u00e0 l'acc\u00e8s des arts du cirque pour tous les publics (handicap, s\u00e9niors, d\u00e9tenus, tr\u00e8s petite enfance, personnes \u00e9loign\u00e9s de la culture)\",\"sameAs\":[\"https:\/\/www.filariane.com\",\"https:\/\/www.facebook.com\/lefildarianecirque\",\"https:\/\/www.instagram.com\/filariane_cirque\/\"]}]}<\/script>\n<!-- \/ Yoast SEO plugin. -->","yoast_head_json":{"title":"Le Fil d&#039;Ariane - Qui de l\u2019\u0153uf ou de la poule\u00a0?","description":"Le Fil d'Ariane est une \u00e9cole de cirque des bouches du Rh\u00f4ne et du pays d'Aix en Provence. Le Fil d'Ariane est adh\u00e9rente \u00e0 la F\u00e9d\u00e9ration Fran\u00e7aise des \u00c9coles de Cirque. Nous proposons des cours hebdomadaires, des interventions, des team building","robots":{"index":"index","follow":"follow","max-snippet":"max-snippet:-1","max-image-preview":"max-image-preview:large","max-video-preview":"max-video-preview:-1"},"canonical":"https:\/\/filariane.com\/?p=123","og_locale":"fr_FR","og_type":"article","og_title":"Le Fil d&#039;Ariane - Qui de l\u2019\u0153uf ou de la poule\u00a0?","og_description":"Le Fil d'Ariane est une \u00e9cole de cirque des bouches du Rh\u00f4ne et du pays d'Aix en Provence. Le Fil d'Ariane est adh\u00e9rente \u00e0 la F\u00e9d\u00e9ration Fran\u00e7aise des \u00c9coles de Cirque. Nous proposons des cours hebdomadaires, des interventions, des team building","og_url":"https:\/\/filariane.com\/?p=123","og_site_name":"Le Fil d&#039;Ariane","article_publisher":"https:\/\/www.facebook.com\/lefildarianecirque","article_author":"https:\/\/www.facebook.com\/lefildarianecirque","article_published_time":"2021-02-15T07:00:00+00:00","author":"fil ariane","twitter_card":"summary_large_image","twitter_misc":{"\u00c9crit par":"fil ariane","Dur\u00e9e de lecture estim\u00e9e":"1 minute"},"schema":{"@context":"https:\/\/schema.org","@graph":[{"@type":"Article","@id":"https:\/\/filariane.com\/?p=123#article","isPartOf":{"@id":"https:\/\/filariane.com\/?p=123"},"author":{"name":"fil ariane","@id":"https:\/\/filariane.com\/#\/schema\/person\/60246d9ae53096ea81151b031942c14a"},"headline":"Qui de l\u2019\u0153uf ou de la poule\u00a0?","datePublished":"2021-02-15T07:00:00+00:00","mainEntityOfPage":{"@id":"https:\/\/filariane.com\/?p=123"},"wordCount":249,"publisher":{"@id":"https:\/\/filariane.com\/#organization"},"articleSection":["reflexion"],"inLanguage":"fr-FR"},{"@type":"WebPage","@id":"https:\/\/filariane.com\/?p=123","url":"https:\/\/filariane.com\/?p=123","name":"Le Fil d&#039;Ariane - Qui de l\u2019\u0153uf ou de la poule\u00a0?","isPartOf":{"@id":"https:\/\/filariane.com\/#website"},"datePublished":"2021-02-15T07:00:00+00:00","description":"Le Fil d'Ariane est une \u00e9cole de cirque des bouches du Rh\u00f4ne et du pays d'Aix en Provence. Le Fil d'Ariane est adh\u00e9rente \u00e0 la F\u00e9d\u00e9ration Fran\u00e7aise des \u00c9coles de Cirque. Nous proposons des cours hebdomadaires, des interventions, des team building","breadcrumb":{"@id":"https:\/\/filariane.com\/?p=123#breadcrumb"},"inLanguage":"fr-FR","potentialAction":[{"@type":"ReadAction","target":["https:\/\/filariane.com\/?p=123"]}]},{"@type":"BreadcrumbList","@id":"https:\/\/filariane.com\/?p=123#breadcrumb","itemListElement":[{"@type":"ListItem","position":1,"name":"Accueil","item":"https:\/\/filariane.com\/"},{"@type":"ListItem","position":2,"name":"Qui de l\u2019\u0153uf ou de la poule\u00a0?"}]},{"@type":"WebSite","@id":"https:\/\/filariane.com\/#website","url":"https:\/\/filariane.com\/","name":"Le Fil d&#039;Ariane","description":"les Arts du cirque pour grandir ensemble","publisher":{"@id":"https:\/\/filariane.com\/#organization"},"potentialAction":[{"@type":"SearchAction","target":{"@type":"EntryPoint","urlTemplate":"https:\/\/filariane.com\/?s={search_term_string}"},"query-input":{"@type":"PropertyValueSpecification","valueRequired":true,"valueName":"search_term_string"}}],"inLanguage":"fr-FR"},{"@type":"Organization","@id":"https:\/\/filariane.com\/#organization","name":"Le Fil d'Ariane","url":"https:\/\/filariane.com\/","logo":{"@type":"ImageObject","inLanguage":"fr-FR","@id":"https:\/\/filariane.com\/#\/schema\/logo\/image\/","url":"https:\/\/filariane.com\/wp-content\/uploads\/2020\/04\/Fichier-1@2x.png","contentUrl":"https:\/\/filariane.com\/wp-content\/uploads\/2020\/04\/Fichier-1@2x.png","width":1103,"height":569,"caption":"Le Fil d'Ariane"},"image":{"@id":"https:\/\/filariane.com\/#\/schema\/logo\/image\/"},"sameAs":["https:\/\/www.facebook.com\/lefildarianecirque","https:\/\/www.instagram.com\/filariane_cirque\/"]},{"@type":"Person","@id":"https:\/\/filariane.com\/#\/schema\/person\/60246d9ae53096ea81151b031942c14a","name":"fil ariane","image":{"@type":"ImageObject","inLanguage":"fr-FR","@id":"https:\/\/filariane.com\/#\/schema\/person\/image\/","url":"https:\/\/secure.gravatar.com\/avatar\/475950d47901ecf81ed2c940d83d495205cce649e36db4af757ef91e901d0106?s=96&d=mm&r=g","contentUrl":"https:\/\/secure.gravatar.com\/avatar\/475950d47901ecf81ed2c940d83d495205cce649e36db4af757ef91e901d0106?s=96&d=mm&r=g","caption":"fil ariane"},"description":"\u00e9cole de cirque en r\u00e9gion Provence Alpes Cote d'Azur. Nous utilisons les Arts du Cirque comme outils de d\u00e9veloppement \u00e9ducatif, social et culturel. Nous d\u00e9veloppons depuis 2013 le projet \"Un cirque pour tous\". projet phare de notre structure \u0153uvrant \u00e0 l'acc\u00e8s des arts du cirque pour tous les publics (handicap, s\u00e9niors, d\u00e9tenus, tr\u00e8s petite enfance, personnes \u00e9loign\u00e9s de la culture)","sameAs":["https:\/\/www.filariane.com","https:\/\/www.facebook.com\/lefildarianecirque","https:\/\/www.instagram.com\/filariane_cirque\/"]}]}},"_links":{"self":[{"href":"https:\/\/filariane.com\/index.php?rest_route=\/wp\/v2\/posts\/123","targetHints":{"allow":["GET"]}}],"collection":[{"href":"https:\/\/filariane.com\/index.php?rest_route=\/wp\/v2\/posts"}],"about":[{"href":"https:\/\/filariane.com\/index.php?rest_route=\/wp\/v2\/types\/post"}],"author":[{"embeddable":true,"href":"https:\/\/filariane.com\/index.php?rest_route=\/wp\/v2\/users\/2"}],"replies":[{"embeddable":true,"href":"https:\/\/filariane.com\/index.php?rest_route=%2Fwp%2Fv2%2Fcomments&post=123"}],"version-history":[{"count":1,"href":"https:\/\/filariane.com\/index.php?rest_route=\/wp\/v2\/posts\/123\/revisions"}],"predecessor-version":[{"id":124,"href":"https:\/\/filariane.com\/index.php?rest_route=\/wp\/v2\/posts\/123\/revisions\/124"}],"wp:attachment":[{"href":"https:\/\/filariane.com\/index.php?rest_route=%2Fwp%2Fv2%2Fmedia&parent=123"}],"wp:term":[{"taxonomy":"category","embeddable":true,"href":"https:\/\/filariane.com\/index.php?rest_route=%2Fwp%2Fv2%2Fcategories&post=123"},{"taxonomy":"post_tag","embeddable":true,"href":"https:\/\/filariane.com\/index.php?rest_route=%2Fwp%2Fv2%2Ftags&post=123"}],"curies":[{"name":"wp","href":"https:\/\/api.w.org\/{rel}","templated":true}]}}