{"id":25072,"date":"2021-03-10T10:12:24","date_gmt":"2021-03-10T09:12:24","guid":{"rendered":"https:\/\/filariane.com\/?p=25072"},"modified":"2021-04-20T20:45:35","modified_gmt":"2021-04-20T18:45:35","slug":"le-festival-jeune-public","status":"publish","type":"post","link":"https:\/\/filariane.com\/?p=25072","title":{"rendered":"Le \u00ab Festival jeune public \u00bb"},"content":{"rendered":"\n<div class=\"wp-block-media-text alignwide is-stacked-on-mobile\"><figure class=\"wp-block-media-text__media\"><img loading=\"lazy\" decoding=\"async\" width=\"500\" height=\"375\" src=\"https:\/\/filariane.com\/wp-content\/uploads\/2021\/03\/parent-enfant-en-exterieur-1.jpg\" alt=\"temps fort cirque \u00e0 Saint Cannat\" class=\"wp-image-25077 size-full\"\/><\/figure><div class=\"wp-block-media-text__content\">\n<p style=\"font-size:15px\">Pendant cette semaine de vacances scolaires, et dans le cadre du projet \u00ab Un Cirque pour tous \u00bb, le Fil d\u2019Ariane et la Ville de Saint-Cannat, ont organis\u00e9 une semaine sur le th\u00e8me du cirque, de la famille, et du partage.<\/p>\n<\/div><\/div>\n\n\n\n<p>Le \u00ab&nbsp;Festival Jeune Public&nbsp;\u00bb, qui s&rsquo;est d\u00e9roul\u00e9 du 1<sup>er<\/sup>&nbsp;au 5 Mars 2020, \u00e9tait l\u2019\u00e9v\u00e9nement \u00e0 ne pas manquer pour les jeunes et les parents de la commune de Saint-Cannat.<\/p>\n\n\n\n<p>Chaque jour, une quarantaine de participants ont pu profiter des activit\u00e9s propos\u00e9es par l\u2019\u00e9cole de cirque Le Fil d\u2019Ariane et l\u2019\u00e9quipe culture de la Mairie de Saint-Cannat. Parmi eux, deux centres de loisirs de Saint-Cannat, L\u2019Ilot Folies et Cap aventure, les adh\u00e9rents du Fil d\u2019Ariane, des habitants curieux, M. le Maire ainsi que les \u00e9lus Dominique Camhi et Jo\u00ebl Levi Valensi.<\/p>\n\n\n\n<p>L\u2019occasion donc de d\u00e9couvrir les disciplines des arts du cirque, comme le m\u00e2t chinois, la jonglerie, le fil et la boule d\u2019\u00e9quilibre, le monocycle. Le tout dans un cadre bienveillant et s\u00e9curis\u00e9, avec un ma\u00eetre mot : le partage.<\/p>\n\n\n\n<p>Tout \u00e9tait au rendez-vous pour une semaine r\u00e9ussie.<\/p>\n\n\n\n<p>Le mercredi 3 mars a eu lieu une journ\u00e9e <a href=\"https:\/\/filariane.com\/?p=25072\">\u00ab&nbsp;Escapade en ext\u00e9rieur&nbsp;\u00bb<\/a>  et de belles surprises&#8230;<\/p>\n\n\n\n<figure class=\"wp-block-image size-large is-resized is-style-rounded\"><img loading=\"lazy\" decoding=\"async\" src=\"https:\/\/filariane.com\/wp-content\/uploads\/2021\/03\/parent-enfant-en-exterieur-2.jpg\" alt=\"temps fort cirque \u00e0 Saint Cannat\" class=\"wp-image-25078\" width=\"668\" height=\"501\"\/><figcaption>Un joli moment de partage en famille<\/figcaption><\/figure>\n\n\n\n<p>Les go\u00fbters participatifs ont \u00e9t\u00e9 un grand succ\u00e8s. Malgr\u00e9 \u00ab&nbsp;l\u2019\u00e8re COVID&nbsp;\u00bb, il semble essentiel de continuer de nourrir nos liens sociaux.&nbsp; La pratique des arts du cirque permet de construire ensemble un moyen d\u2019\u00e9ducation et de d\u00e9veloppement social.<\/p>\n\n\n\n<p>Aimeriez-vous un nouvel \u00e9v\u00e9nement de ce type ?<\/p>\n","protected":false},"excerpt":{"rendered":"<p>Pendant cette semaine de vacances scolaires, et dans le cadre du projet \u00ab Un Cirque pour tous \u00bb, le Fil d\u2019Ariane et la Ville de Saint-Cannat, ont organis\u00e9 une semaine sur le th\u00e8me du cirque, de la famille, et du partage. Le \u00ab&nbsp;Festival Jeune Public&nbsp;\u00bb, qui s&rsquo;est d\u00e9roul\u00e9 du 1er&nbsp;au 5 Mars 2020, \u00e9tait l\u2019\u00e9v\u00e9nement &hellip; <\/p>\n<p class=\"link-more\"><a href=\"https:\/\/filariane.com\/?p=25072\" class=\"more-link\">Continuer la lecture<span class=\"screen-reader-text\"> de &laquo;&nbsp;Le \u00ab Festival jeune public \u00bb&nbsp;&raquo;<\/span><\/a><\/p>\n","protected":false},"author":2,"featured_media":0,"comment_status":"closed","ping_status":"open","sticky":false,"template":"","format":"standard","meta":{"footnotes":""},"categories":[10],"tags":[],"class_list":["post-25072","post","type-post","status-publish","format-standard","hentry","category-evenement"],"yoast_head":"<!-- This site is optimized with the Yoast SEO plugin v26.8 - https:\/\/yoast.com\/product\/yoast-seo-wordpress\/ -->\n<title>Le Fil d&#039;Ariane - Le \u00ab Festival jeune public \u00bb -<\/title>\n<meta name=\"description\" content=\"Le Fil d&#039;Ariane est une \u00e9cole de cirque des bouches du rhone et du pays d&#039;Aix en provence. Le Fil d&#039;Ariane est adh\u00e9rente \u00e0 la F\u00e9d\u00e9ration Fran\u00e7aise des Ecoles de Cirque. Nous proposons des cours hebdomadaires, des interventions, des team building\" \/>\n<meta name=\"robots\" content=\"index, follow, max-snippet:-1, max-image-preview:large, max-video-preview:-1\" \/>\n<link rel=\"canonical\" href=\"https:\/\/filariane.com\/?p=25072\" \/>\n<meta property=\"og:locale\" content=\"fr_FR\" \/>\n<meta property=\"og:type\" content=\"article\" \/>\n<meta property=\"og:title\" content=\"&quot; Festival Jeune public&quot;\" \/>\n<meta property=\"og:description\" content=\"Le \u00ab Festival Jeune Public \u00bb, qui s&#039;est d\u00e9roul\u00e9 du 1er au 5 Mars 2020, \u00e9tait l\u2019\u00e9v\u00e9nement \u00e0 ne pas manquer pour les jeunes et les parents de la commune de Saint-Cannat.\" \/>\n<meta property=\"og:url\" content=\"https:\/\/filariane.com\/?p=25072\" \/>\n<meta property=\"og:site_name\" content=\"Le Fil d&#039;Ariane\" \/>\n<meta property=\"article:publisher\" content=\"https:\/\/www.facebook.com\/lefildarianecirque\" \/>\n<meta property=\"article:author\" content=\"https:\/\/www.facebook.com\/lefildarianecirque\" \/>\n<meta property=\"article:published_time\" content=\"2021-03-10T09:12:24+00:00\" \/>\n<meta property=\"article:modified_time\" content=\"2021-04-20T18:45:35+00:00\" \/>\n<meta property=\"og:image\" content=\"https:\/\/filariane.com\/wp-content\/uploads\/2021\/03\/parent-enfant-en-exterieur-1.jpg\" \/>\n<meta name=\"author\" content=\"fil ariane\" \/>\n<meta name=\"twitter:card\" content=\"summary_large_image\" \/>\n<meta name=\"twitter:label1\" content=\"\u00c9crit par\" \/>\n\t<meta name=\"twitter:data1\" content=\"fil ariane\" \/>\n\t<meta name=\"twitter:label2\" content=\"Dur\u00e9e de lecture estim\u00e9e\" \/>\n\t<meta name=\"twitter:data2\" content=\"2 minutes\" \/>\n<script type=\"application\/ld+json\" class=\"yoast-schema-graph\">{\"@context\":\"https:\/\/schema.org\",\"@graph\":[{\"@type\":\"Article\",\"@id\":\"https:\/\/filariane.com\/?p=25072#article\",\"isPartOf\":{\"@id\":\"https:\/\/filariane.com\/?p=25072\"},\"author\":{\"name\":\"fil ariane\",\"@id\":\"https:\/\/filariane.com\/#\/schema\/person\/60246d9ae53096ea81151b031942c14a\"},\"headline\":\"Le \u00ab Festival jeune public \u00bb\",\"datePublished\":\"2021-03-10T09:12:24+00:00\",\"dateModified\":\"2021-04-20T18:45:35+00:00\",\"mainEntityOfPage\":{\"@id\":\"https:\/\/filariane.com\/?p=25072\"},\"wordCount\":281,\"publisher\":{\"@id\":\"https:\/\/filariane.com\/#organization\"},\"image\":{\"@id\":\"https:\/\/filariane.com\/?p=25072#primaryimage\"},\"thumbnailUrl\":\"https:\/\/filariane.com\/wp-content\/uploads\/2021\/03\/parent-enfant-en-exterieur-1.jpg\",\"articleSection\":[\"\u00e9venement\"],\"inLanguage\":\"fr-FR\"},{\"@type\":\"WebPage\",\"@id\":\"https:\/\/filariane.com\/?p=25072\",\"url\":\"https:\/\/filariane.com\/?p=25072\",\"name\":\"Le Fil d&#039;Ariane - Le \u00ab Festival jeune public \u00bb -\",\"isPartOf\":{\"@id\":\"https:\/\/filariane.com\/#website\"},\"primaryImageOfPage\":{\"@id\":\"https:\/\/filariane.com\/?p=25072#primaryimage\"},\"image\":{\"@id\":\"https:\/\/filariane.com\/?p=25072#primaryimage\"},\"thumbnailUrl\":\"https:\/\/filariane.com\/wp-content\/uploads\/2021\/03\/parent-enfant-en-exterieur-1.jpg\",\"datePublished\":\"2021-03-10T09:12:24+00:00\",\"dateModified\":\"2021-04-20T18:45:35+00:00\",\"description\":\"Le Fil d'Ariane est une \u00e9cole de cirque des bouches du rhone et du pays d'Aix en provence. Le Fil d'Ariane est adh\u00e9rente \u00e0 la F\u00e9d\u00e9ration Fran\u00e7aise des Ecoles de Cirque. Nous proposons des cours hebdomadaires, des interventions, des team building\",\"breadcrumb\":{\"@id\":\"https:\/\/filariane.com\/?p=25072#breadcrumb\"},\"inLanguage\":\"fr-FR\",\"potentialAction\":[{\"@type\":\"ReadAction\",\"target\":[\"https:\/\/filariane.com\/?p=25072\"]}]},{\"@type\":\"ImageObject\",\"inLanguage\":\"fr-FR\",\"@id\":\"https:\/\/filariane.com\/?p=25072#primaryimage\",\"url\":\"https:\/\/filariane.com\/wp-content\/uploads\/2021\/03\/parent-enfant-en-exterieur-1.jpg\",\"contentUrl\":\"https:\/\/filariane.com\/wp-content\/uploads\/2021\/03\/parent-enfant-en-exterieur-1.jpg\",\"width\":500,\"height\":375},{\"@type\":\"BreadcrumbList\",\"@id\":\"https:\/\/filariane.com\/?p=25072#breadcrumb\",\"itemListElement\":[{\"@type\":\"ListItem\",\"position\":1,\"name\":\"Accueil\",\"item\":\"https:\/\/filariane.com\/\"},{\"@type\":\"ListItem\",\"position\":2,\"name\":\"Le \u00ab Festival jeune public \u00bb\"}]},{\"@type\":\"WebSite\",\"@id\":\"https:\/\/filariane.com\/#website\",\"url\":\"https:\/\/filariane.com\/\",\"name\":\"Le Fil d&#039;Ariane\",\"description\":\"les Arts du cirque pour grandir ensemble\",\"publisher\":{\"@id\":\"https:\/\/filariane.com\/#organization\"},\"potentialAction\":[{\"@type\":\"SearchAction\",\"target\":{\"@type\":\"EntryPoint\",\"urlTemplate\":\"https:\/\/filariane.com\/?s={search_term_string}\"},\"query-input\":{\"@type\":\"PropertyValueSpecification\",\"valueRequired\":true,\"valueName\":\"search_term_string\"}}],\"inLanguage\":\"fr-FR\"},{\"@type\":\"Organization\",\"@id\":\"https:\/\/filariane.com\/#organization\",\"name\":\"Le Fil d'Ariane\",\"url\":\"https:\/\/filariane.com\/\",\"logo\":{\"@type\":\"ImageObject\",\"inLanguage\":\"fr-FR\",\"@id\":\"https:\/\/filariane.com\/#\/schema\/logo\/image\/\",\"url\":\"https:\/\/filariane.com\/wp-content\/uploads\/2020\/04\/Fichier-1@2x.png\",\"contentUrl\":\"https:\/\/filariane.com\/wp-content\/uploads\/2020\/04\/Fichier-1@2x.png\",\"width\":1103,\"height\":569,\"caption\":\"Le Fil d'Ariane\"},\"image\":{\"@id\":\"https:\/\/filariane.com\/#\/schema\/logo\/image\/\"},\"sameAs\":[\"https:\/\/www.facebook.com\/lefildarianecirque\",\"https:\/\/www.instagram.com\/filariane_cirque\/\"]},{\"@type\":\"Person\",\"@id\":\"https:\/\/filariane.com\/#\/schema\/person\/60246d9ae53096ea81151b031942c14a\",\"name\":\"fil ariane\",\"image\":{\"@type\":\"ImageObject\",\"inLanguage\":\"fr-FR\",\"@id\":\"https:\/\/filariane.com\/#\/schema\/person\/image\/\",\"url\":\"https:\/\/secure.gravatar.com\/avatar\/475950d47901ecf81ed2c940d83d495205cce649e36db4af757ef91e901d0106?s=96&d=mm&r=g\",\"contentUrl\":\"https:\/\/secure.gravatar.com\/avatar\/475950d47901ecf81ed2c940d83d495205cce649e36db4af757ef91e901d0106?s=96&d=mm&r=g\",\"caption\":\"fil ariane\"},\"description\":\"\u00e9cole de cirque en r\u00e9gion Provence Alpes Cote d'Azur. Nous utilisons les Arts du Cirque comme outils de d\u00e9veloppement \u00e9ducatif, social et culturel. Nous d\u00e9veloppons depuis 2013 le projet \\\"Un cirque pour tous\\\". projet phare de notre structure \u0153uvrant \u00e0 l'acc\u00e8s des arts du cirque pour tous les publics (handicap, s\u00e9niors, d\u00e9tenus, tr\u00e8s petite enfance, personnes \u00e9loign\u00e9s de la culture)\",\"sameAs\":[\"https:\/\/www.filariane.com\",\"https:\/\/www.facebook.com\/lefildarianecirque\",\"https:\/\/www.instagram.com\/filariane_cirque\/\"]}]}<\/script>\n<!-- \/ Yoast SEO plugin. -->","yoast_head_json":{"title":"Le Fil d&#039;Ariane - Le \u00ab Festival jeune public \u00bb -","description":"Le Fil d'Ariane est une \u00e9cole de cirque des bouches du rhone et du pays d'Aix en provence. Le Fil d'Ariane est adh\u00e9rente \u00e0 la F\u00e9d\u00e9ration Fran\u00e7aise des Ecoles de Cirque. Nous proposons des cours hebdomadaires, des interventions, des team building","robots":{"index":"index","follow":"follow","max-snippet":"max-snippet:-1","max-image-preview":"max-image-preview:large","max-video-preview":"max-video-preview:-1"},"canonical":"https:\/\/filariane.com\/?p=25072","og_locale":"fr_FR","og_type":"article","og_title":"\" Festival Jeune public\"","og_description":"Le \u00ab Festival Jeune Public \u00bb, qui s'est d\u00e9roul\u00e9 du 1er au 5 Mars 2020, \u00e9tait l\u2019\u00e9v\u00e9nement \u00e0 ne pas manquer pour les jeunes et les parents de la commune de Saint-Cannat.","og_url":"https:\/\/filariane.com\/?p=25072","og_site_name":"Le Fil d&#039;Ariane","article_publisher":"https:\/\/www.facebook.com\/lefildarianecirque","article_author":"https:\/\/www.facebook.com\/lefildarianecirque","article_published_time":"2021-03-10T09:12:24+00:00","article_modified_time":"2021-04-20T18:45:35+00:00","og_image":[{"url":"https:\/\/filariane.com\/wp-content\/uploads\/2021\/03\/parent-enfant-en-exterieur-1.jpg","type":"","width":"","height":""}],"author":"fil ariane","twitter_card":"summary_large_image","twitter_misc":{"\u00c9crit par":"fil ariane","Dur\u00e9e de lecture estim\u00e9e":"2 minutes"},"schema":{"@context":"https:\/\/schema.org","@graph":[{"@type":"Article","@id":"https:\/\/filariane.com\/?p=25072#article","isPartOf":{"@id":"https:\/\/filariane.com\/?p=25072"},"author":{"name":"fil ariane","@id":"https:\/\/filariane.com\/#\/schema\/person\/60246d9ae53096ea81151b031942c14a"},"headline":"Le \u00ab Festival jeune public \u00bb","datePublished":"2021-03-10T09:12:24+00:00","dateModified":"2021-04-20T18:45:35+00:00","mainEntityOfPage":{"@id":"https:\/\/filariane.com\/?p=25072"},"wordCount":281,"publisher":{"@id":"https:\/\/filariane.com\/#organization"},"image":{"@id":"https:\/\/filariane.com\/?p=25072#primaryimage"},"thumbnailUrl":"https:\/\/filariane.com\/wp-content\/uploads\/2021\/03\/parent-enfant-en-exterieur-1.jpg","articleSection":["\u00e9venement"],"inLanguage":"fr-FR"},{"@type":"WebPage","@id":"https:\/\/filariane.com\/?p=25072","url":"https:\/\/filariane.com\/?p=25072","name":"Le Fil d&#039;Ariane - Le \u00ab Festival jeune public \u00bb -","isPartOf":{"@id":"https:\/\/filariane.com\/#website"},"primaryImageOfPage":{"@id":"https:\/\/filariane.com\/?p=25072#primaryimage"},"image":{"@id":"https:\/\/filariane.com\/?p=25072#primaryimage"},"thumbnailUrl":"https:\/\/filariane.com\/wp-content\/uploads\/2021\/03\/parent-enfant-en-exterieur-1.jpg","datePublished":"2021-03-10T09:12:24+00:00","dateModified":"2021-04-20T18:45:35+00:00","description":"Le Fil d'Ariane est une \u00e9cole de cirque des bouches du rhone et du pays d'Aix en provence. Le Fil d'Ariane est adh\u00e9rente \u00e0 la F\u00e9d\u00e9ration Fran\u00e7aise des Ecoles de Cirque. Nous proposons des cours hebdomadaires, des interventions, des team building","breadcrumb":{"@id":"https:\/\/filariane.com\/?p=25072#breadcrumb"},"inLanguage":"fr-FR","potentialAction":[{"@type":"ReadAction","target":["https:\/\/filariane.com\/?p=25072"]}]},{"@type":"ImageObject","inLanguage":"fr-FR","@id":"https:\/\/filariane.com\/?p=25072#primaryimage","url":"https:\/\/filariane.com\/wp-content\/uploads\/2021\/03\/parent-enfant-en-exterieur-1.jpg","contentUrl":"https:\/\/filariane.com\/wp-content\/uploads\/2021\/03\/parent-enfant-en-exterieur-1.jpg","width":500,"height":375},{"@type":"BreadcrumbList","@id":"https:\/\/filariane.com\/?p=25072#breadcrumb","itemListElement":[{"@type":"ListItem","position":1,"name":"Accueil","item":"https:\/\/filariane.com\/"},{"@type":"ListItem","position":2,"name":"Le \u00ab Festival jeune public \u00bb"}]},{"@type":"WebSite","@id":"https:\/\/filariane.com\/#website","url":"https:\/\/filariane.com\/","name":"Le Fil d&#039;Ariane","description":"les Arts du cirque pour grandir ensemble","publisher":{"@id":"https:\/\/filariane.com\/#organization"},"potentialAction":[{"@type":"SearchAction","target":{"@type":"EntryPoint","urlTemplate":"https:\/\/filariane.com\/?s={search_term_string}"},"query-input":{"@type":"PropertyValueSpecification","valueRequired":true,"valueName":"search_term_string"}}],"inLanguage":"fr-FR"},{"@type":"Organization","@id":"https:\/\/filariane.com\/#organization","name":"Le Fil d'Ariane","url":"https:\/\/filariane.com\/","logo":{"@type":"ImageObject","inLanguage":"fr-FR","@id":"https:\/\/filariane.com\/#\/schema\/logo\/image\/","url":"https:\/\/filariane.com\/wp-content\/uploads\/2020\/04\/Fichier-1@2x.png","contentUrl":"https:\/\/filariane.com\/wp-content\/uploads\/2020\/04\/Fichier-1@2x.png","width":1103,"height":569,"caption":"Le Fil d'Ariane"},"image":{"@id":"https:\/\/filariane.com\/#\/schema\/logo\/image\/"},"sameAs":["https:\/\/www.facebook.com\/lefildarianecirque","https:\/\/www.instagram.com\/filariane_cirque\/"]},{"@type":"Person","@id":"https:\/\/filariane.com\/#\/schema\/person\/60246d9ae53096ea81151b031942c14a","name":"fil ariane","image":{"@type":"ImageObject","inLanguage":"fr-FR","@id":"https:\/\/filariane.com\/#\/schema\/person\/image\/","url":"https:\/\/secure.gravatar.com\/avatar\/475950d47901ecf81ed2c940d83d495205cce649e36db4af757ef91e901d0106?s=96&d=mm&r=g","contentUrl":"https:\/\/secure.gravatar.com\/avatar\/475950d47901ecf81ed2c940d83d495205cce649e36db4af757ef91e901d0106?s=96&d=mm&r=g","caption":"fil ariane"},"description":"\u00e9cole de cirque en r\u00e9gion Provence Alpes Cote d'Azur. Nous utilisons les Arts du Cirque comme outils de d\u00e9veloppement \u00e9ducatif, social et culturel. Nous d\u00e9veloppons depuis 2013 le projet \"Un cirque pour tous\". projet phare de notre structure \u0153uvrant \u00e0 l'acc\u00e8s des arts du cirque pour tous les publics (handicap, s\u00e9niors, d\u00e9tenus, tr\u00e8s petite enfance, personnes \u00e9loign\u00e9s de la culture)","sameAs":["https:\/\/www.filariane.com","https:\/\/www.facebook.com\/lefildarianecirque","https:\/\/www.instagram.com\/filariane_cirque\/"]}]}},"_links":{"self":[{"href":"https:\/\/filariane.com\/index.php?rest_route=\/wp\/v2\/posts\/25072","targetHints":{"allow":["GET"]}}],"collection":[{"href":"https:\/\/filariane.com\/index.php?rest_route=\/wp\/v2\/posts"}],"about":[{"href":"https:\/\/filariane.com\/index.php?rest_route=\/wp\/v2\/types\/post"}],"author":[{"embeddable":true,"href":"https:\/\/filariane.com\/index.php?rest_route=\/wp\/v2\/users\/2"}],"replies":[{"embeddable":true,"href":"https:\/\/filariane.com\/index.php?rest_route=%2Fwp%2Fv2%2Fcomments&post=25072"}],"version-history":[{"count":6,"href":"https:\/\/filariane.com\/index.php?rest_route=\/wp\/v2\/posts\/25072\/revisions"}],"predecessor-version":[{"id":25141,"href":"https:\/\/filariane.com\/index.php?rest_route=\/wp\/v2\/posts\/25072\/revisions\/25141"}],"wp:attachment":[{"href":"https:\/\/filariane.com\/index.php?rest_route=%2Fwp%2Fv2%2Fmedia&parent=25072"}],"wp:term":[{"taxonomy":"category","embeddable":true,"href":"https:\/\/filariane.com\/index.php?rest_route=%2Fwp%2Fv2%2Fcategories&post=25072"},{"taxonomy":"post_tag","embeddable":true,"href":"https:\/\/filariane.com\/index.php?rest_route=%2Fwp%2Fv2%2Ftags&post=25072"}],"curies":[{"name":"wp","href":"https:\/\/api.w.org\/{rel}","templated":true}]}}